{"id":199,"count":7,"description":"<h1>Majas Cottage<\/h1>\r\n<p style=\"margin: 0cm; margin-bottom: .0001pt; vertical-align: baseline;\"><span style=\"font-size: 12.5pt; font-family: 'Arial',sans-serif; color: black;\">Majas Cottage \u00e4r ett litet familjef\u00f6retag som drivs av Petra, och hennes man Pierre. Namnet \u00e4r taget fr\u00e5n deras solstr\u00e5le till dotter Maja och det var efter hennes f\u00f6dsel som de v\u00e5gade ta steget att satsa\u00a0p\u00e5 sin dr\u00f6m om ett familjef\u00f6retag baserat p\u00e5 Petras erfarenhet inom heminredningsbranschen.<\/span><\/p>\r\n<p style=\"margin: 0cm; margin-bottom: .0001pt; vertical-align: baseline;\"><span style=\"font-size: 12.5pt; font-family: 'Arial',sans-serif; color: black;\">\u00a0<\/span><\/p>\r\n<p style=\"margin: 0cm; margin-bottom: .0001pt; vertical-align: baseline;\"><span style=\"font-size: 12.5pt; font-family: 'Arial',sans-serif; color: black;\">Petra har jobbat 15 \u00e5r inom heminredningsbranschen p\u00e5 bla Milj\u00f6g\u00e5rden och Living and Room. Hennes fr\u00e4msta arbetsuppgifter har varit ink\u00f6p och produktutveckling fr\u00e5n Indien och Kina samt uppbyggnad av milj\u00f6er\u00a0s\u00e5 som showroom och m\u00e4ssmontrar samt kundservice mot Sveriges otroliga utbud av fina inredningsbutiker.<\/span><\/p>\r\n<p style=\"margin: 0cm; margin-bottom: .0001pt; vertical-align: baseline;\"><span style=\"font-size: 12.5pt; font-family: 'Arial',sans-serif; color: black;\">\u00a0<\/span><\/p>\r\n<p style=\"margin: 0cm; margin-bottom: .0001pt; vertical-align: baseline;\"><span style=\"font-size: 12.5pt; font-family: 'Arial',sans-serif; color: black;\">De vill g\u00e4rna ha hj\u00e4rta och sj\u00e4l med i sitt f\u00f6retag s\u00e5 d\u00e4rf\u00f6r \u00e4r det inte sv\u00e5rt att s\u00e4ga att\u00a0deras stora passion i f\u00f6retaget\u00a0\u00e4r Majas Lyktor \u2013 egendesignade ljuslyktor som s\u00e4ljs till b\u00e5de\u00a0privatpersoner och \u00e5terf\u00f6rs\u00e4ljare med f\u00f6rm\u00e5n till Barncancerfonden.<\/span><\/p>","link":"https:\/\/www.hosgreta.se\/shop\/varumarke\/majas-cottage\/","name":"Majas Cottage","slug":"majas-cottage","taxonomy":"pwb-brand","parent":0,"meta":[],"yoast_head":"<!-- This site is optimized with the Yoast SEO plugin v27.5 - https:\/\/yoast.com\/product\/yoast-seo-wordpress\/ -->\n<title>Majas Cottage f\u00f6r alla som \u00e4lskar heminredning och lyktor - Hos Greta<\/title>\n<meta name=\"description\" content=\"Majas Cottage f\u00f6retaget som l\u00e4gger sitt hj\u00e4rta och sj\u00e4l i sitt f\u00f6retag och deras stora passion i f\u00f6retaget \u00e4r Majas Lyktor \u2013 egendesignade ljuslyktor som s\u00e4ljs till b\u00e5de privatpersoner och \u00e5terf\u00f6rs\u00e4ljare med f\u00f6rm\u00e5n till Barncancerfonden.\" \/>\n<meta name=\"robots\" content=\"index, follow, max-snippet:-1, max-image-preview:large, max-video-preview:-1\" \/>\n<link rel=\"canonical\" href=\"https:\/\/www.hosgreta.se\/shop\/varumarke\/majas-cottage\/\" \/>\n<meta property=\"og:locale\" content=\"sv_SE\" \/>\n<meta property=\"og:type\" content=\"article\" \/>\n<meta property=\"og:title\" content=\"Majas Cottage f\u00f6r alla som \u00e4lskar heminredning och lyktor - Hos Greta\" \/>\n<meta property=\"og:description\" content=\"Majas Cottage f\u00f6retaget som l\u00e4gger sitt hj\u00e4rta och sj\u00e4l i sitt f\u00f6retag och deras stora passion i f\u00f6retaget \u00e4r Majas Lyktor \u2013 egendesignade ljuslyktor som s\u00e4ljs till b\u00e5de privatpersoner och \u00e5terf\u00f6rs\u00e4ljare med f\u00f6rm\u00e5n till Barncancerfonden.\" \/>\n<meta property=\"og:url\" content=\"https:\/\/www.hosgreta.se\/shop\/varumarke\/majas-cottage\/\" \/>\n<meta property=\"og:site_name\" content=\"Hos Greta\" \/>\n<meta name=\"twitter:card\" content=\"summary_large_image\" \/>\n<script type=\"application\/ld+json\" class=\"yoast-schema-graph\">{\"@context\":\"https:\\\/\\\/schema.org\",\"@graph\":[{\"@type\":\"CollectionPage\",\"@id\":\"https:\\\/\\\/www.hosgreta.se\\\/shop\\\/varumarke\\\/majas-cottage\\\/\",\"url\":\"https:\\\/\\\/www.hosgreta.se\\\/shop\\\/varumarke\\\/majas-cottage\\\/\",\"name\":\"Majas Cottage f\u00f6r alla som \u00e4lskar heminredning och lyktor - Hos Greta\",\"isPartOf\":{\"@id\":\"https:\\\/\\\/www.hosgreta.se\\\/shop\\\/#website\"},\"description\":\"Majas Cottage f\u00f6retaget som l\u00e4gger sitt hj\u00e4rta och sj\u00e4l i sitt f\u00f6retag och deras stora passion i f\u00f6retaget \u00e4r Majas Lyktor \u2013 egendesignade ljuslyktor som s\u00e4ljs till b\u00e5de privatpersoner och \u00e5terf\u00f6rs\u00e4ljare med f\u00f6rm\u00e5n till Barncancerfonden.\",\"breadcrumb\":{\"@id\":\"https:\\\/\\\/www.hosgreta.se\\\/shop\\\/varumarke\\\/majas-cottage\\\/#breadcrumb\"},\"inLanguage\":\"sv-SE\"},{\"@type\":\"BreadcrumbList\",\"@id\":\"https:\\\/\\\/www.hosgreta.se\\\/shop\\\/varumarke\\\/majas-cottage\\\/#breadcrumb\",\"itemListElement\":[{\"@type\":\"ListItem\",\"position\":1,\"name\":\"Hem\",\"item\":\"https:\\\/\\\/www.hosgreta.se\\\/shop\\\/\"},{\"@type\":\"ListItem\",\"position\":2,\"name\":\"Majas Cottage\"}]},{\"@type\":\"WebSite\",\"@id\":\"https:\\\/\\\/www.hosgreta.se\\\/shop\\\/#website\",\"url\":\"https:\\\/\\\/www.hosgreta.se\\\/shop\\\/\",\"name\":\"Hos Greta\",\"description\":\"Vi v\u00e4ljer ut v\u00e5ra varum\u00e4rken med stor omsorg.\",\"publisher\":{\"@id\":\"https:\\\/\\\/www.hosgreta.se\\\/shop\\\/#organization\"},\"potentialAction\":[{\"@type\":\"SearchAction\",\"target\":{\"@type\":\"EntryPoint\",\"urlTemplate\":\"https:\\\/\\\/www.hosgreta.se\\\/shop\\\/?s={search_term_string}\"},\"query-input\":{\"@type\":\"PropertyValueSpecification\",\"valueRequired\":true,\"valueName\":\"search_term_string\"}}],\"inLanguage\":\"sv-SE\"},{\"@type\":\"Organization\",\"@id\":\"https:\\\/\\\/www.hosgreta.se\\\/shop\\\/#organization\",\"name\":\"Hos Greta\",\"url\":\"https:\\\/\\\/www.hosgreta.se\\\/shop\\\/\",\"logo\":{\"@type\":\"ImageObject\",\"inLanguage\":\"sv-SE\",\"@id\":\"https:\\\/\\\/www.hosgreta.se\\\/shop\\\/#\\\/schema\\\/logo\\\/image\\\/\",\"url\":\"https:\\\/\\\/www.hosgreta.se\\\/shop\\\/wp-content\\\/uploads\\\/2018\\\/03\\\/Logo_HosGreta_svart.png\",\"contentUrl\":\"https:\\\/\\\/www.hosgreta.se\\\/shop\\\/wp-content\\\/uploads\\\/2018\\\/03\\\/Logo_HosGreta_svart.png\",\"width\":851,\"height\":851,\"caption\":\"Hos Greta\"},\"image\":{\"@id\":\"https:\\\/\\\/www.hosgreta.se\\\/shop\\\/#\\\/schema\\\/logo\\\/image\\\/\"},\"sameAs\":[\"https:\\\/\\\/www.facebook.com\\\/hosgreta\",\"https:\\\/\\\/www.instagram.com\\\/hosgreta\"]}]}<\/script>\n<!-- \/ Yoast SEO plugin. -->","yoast_head_json":{"title":"Majas Cottage f\u00f6r alla som \u00e4lskar heminredning och lyktor - Hos Greta","description":"Majas Cottage f\u00f6retaget som l\u00e4gger sitt hj\u00e4rta och sj\u00e4l i sitt f\u00f6retag och deras stora passion i f\u00f6retaget \u00e4r Majas Lyktor \u2013 egendesignade ljuslyktor som s\u00e4ljs till b\u00e5de privatpersoner och \u00e5terf\u00f6rs\u00e4ljare med f\u00f6rm\u00e5n till Barncancerfonden.","robots":{"index":"index","follow":"follow","max-snippet":"max-snippet:-1","max-image-preview":"max-image-preview:large","max-video-preview":"max-video-preview:-1"},"canonical":"https:\/\/www.hosgreta.se\/shop\/varumarke\/majas-cottage\/","og_locale":"sv_SE","og_type":"article","og_title":"Majas Cottage f\u00f6r alla som \u00e4lskar heminredning och lyktor - Hos Greta","og_description":"Majas Cottage f\u00f6retaget som l\u00e4gger sitt hj\u00e4rta och sj\u00e4l i sitt f\u00f6retag och deras stora passion i f\u00f6retaget \u00e4r Majas Lyktor \u2013 egendesignade ljuslyktor som s\u00e4ljs till b\u00e5de privatpersoner och \u00e5terf\u00f6rs\u00e4ljare med f\u00f6rm\u00e5n till Barncancerfonden.","og_url":"https:\/\/www.hosgreta.se\/shop\/varumarke\/majas-cottage\/","og_site_name":"Hos Greta","twitter_card":"summary_large_image","schema":{"@context":"https:\/\/schema.org","@graph":[{"@type":"CollectionPage","@id":"https:\/\/www.hosgreta.se\/shop\/varumarke\/majas-cottage\/","url":"https:\/\/www.hosgreta.se\/shop\/varumarke\/majas-cottage\/","name":"Majas Cottage f\u00f6r alla som \u00e4lskar heminredning och lyktor - Hos Greta","isPartOf":{"@id":"https:\/\/www.hosgreta.se\/shop\/#website"},"description":"Majas Cottage f\u00f6retaget som l\u00e4gger sitt hj\u00e4rta och sj\u00e4l i sitt f\u00f6retag och deras stora passion i f\u00f6retaget \u00e4r Majas Lyktor \u2013 egendesignade ljuslyktor som s\u00e4ljs till b\u00e5de privatpersoner och \u00e5terf\u00f6rs\u00e4ljare med f\u00f6rm\u00e5n till Barncancerfonden.","breadcrumb":{"@id":"https:\/\/www.hosgreta.se\/shop\/varumarke\/majas-cottage\/#breadcrumb"},"inLanguage":"sv-SE"},{"@type":"BreadcrumbList","@id":"https:\/\/www.hosgreta.se\/shop\/varumarke\/majas-cottage\/#breadcrumb","itemListElement":[{"@type":"ListItem","position":1,"name":"Hem","item":"https:\/\/www.hosgreta.se\/shop\/"},{"@type":"ListItem","position":2,"name":"Majas Cottage"}]},{"@type":"WebSite","@id":"https:\/\/www.hosgreta.se\/shop\/#website","url":"https:\/\/www.hosgreta.se\/shop\/","name":"Hos Greta","description":"Vi v\u00e4ljer ut v\u00e5ra varum\u00e4rken med stor omsorg.","publisher":{"@id":"https:\/\/www.hosgreta.se\/shop\/#organization"},"potentialAction":[{"@type":"SearchAction","target":{"@type":"EntryPoint","urlTemplate":"https:\/\/www.hosgreta.se\/shop\/?s={search_term_string}"},"query-input":{"@type":"PropertyValueSpecification","valueRequired":true,"valueName":"search_term_string"}}],"inLanguage":"sv-SE"},{"@type":"Organization","@id":"https:\/\/www.hosgreta.se\/shop\/#organization","name":"Hos Greta","url":"https:\/\/www.hosgreta.se\/shop\/","logo":{"@type":"ImageObject","inLanguage":"sv-SE","@id":"https:\/\/www.hosgreta.se\/shop\/#\/schema\/logo\/image\/","url":"https:\/\/www.hosgreta.se\/shop\/wp-content\/uploads\/2018\/03\/Logo_HosGreta_svart.png","contentUrl":"https:\/\/www.hosgreta.se\/shop\/wp-content\/uploads\/2018\/03\/Logo_HosGreta_svart.png","width":851,"height":851,"caption":"Hos Greta"},"image":{"@id":"https:\/\/www.hosgreta.se\/shop\/#\/schema\/logo\/image\/"},"sameAs":["https:\/\/www.facebook.com\/hosgreta","https:\/\/www.instagram.com\/hosgreta"]}]}},"_links":{"self":[{"href":"https:\/\/www.hosgreta.se\/shop\/wp-json\/wp\/v2\/pwb-brand\/199","targetHints":{"allow":["GET"]}}],"collection":[{"href":"https:\/\/www.hosgreta.se\/shop\/wp-json\/wp\/v2\/pwb-brand"}],"about":[{"href":"https:\/\/www.hosgreta.se\/shop\/wp-json\/wp\/v2\/taxonomies\/pwb-brand"}],"wp:post_type":[{"href":"https:\/\/www.hosgreta.se\/shop\/wp-json\/wp\/v2\/product?pwb-brand=199"}],"curies":[{"name":"wp","href":"https:\/\/api.w.org\/{rel}","templated":true}]}}